{"id":956,"date":"2019-06-12T22:02:08","date_gmt":"2019-06-12T21:02:08","guid":{"rendered":"http:\/\/www.deutscherseglerclub.de\/?p=956"},"modified":"2022-01-13T13:19:30","modified_gmt":"2022-01-13T12:19:30","slug":"15-3-2019-hurra-der-winter-ist-vorbei","status":"publish","type":"post","link":"https:\/\/www.deutscherseglerclub.de\/?p=956","title":{"rendered":"15.3.2019 Hurra der Winter ist vorbei!"},"content":{"rendered":"<p>Die Jugend war auch im Winter aktiv, wir haben uns freitags zum Athletiktraining getroffen und samstags zum Lauftraining. Am 26. Februar haben die DSC Kids gemeinsam mit den Kids vom SCO am Athletikpokal vom Berliner Segler Verband teilgenommen.<\/p>\n<p><a href=\"https:\/\/www.deutscherseglerclub.de\/wp-content\/uploads\/2019\/06\/winter_vorbei_8.png\"><img loading=\"lazy\" class=\"alignnone wp-image-962\" src=\"https:\/\/www.deutscherseglerclub.de\/wp-content\/uploads\/2019\/06\/winter_vorbei_8.png\" alt=\"\" width=\"278\" height=\"178\" srcset=\"https:\/\/www.deutscherseglerclub.de\/wp-content\/uploads\/2019\/06\/winter_vorbei_8.png 385w, https:\/\/www.deutscherseglerclub.de\/wp-content\/uploads\/2019\/06\/winter_vorbei_8-300x192.png 300w\" sizes=\"(max-width: 278px) 100vw, 278px\" \/><\/a> <a href=\"https:\/\/www.deutscherseglerclub.de\/wp-content\/uploads\/2019\/06\/winter_vorbei_7.png\"><img loading=\"lazy\" class=\"alignnone wp-image-963\" src=\"https:\/\/www.deutscherseglerclub.de\/wp-content\/uploads\/2019\/06\/winter_vorbei_7.png\" alt=\"\" width=\"259\" height=\"179\" srcset=\"https:\/\/www.deutscherseglerclub.de\/wp-content\/uploads\/2019\/06\/winter_vorbei_7.png 347w, https:\/\/www.deutscherseglerclub.de\/wp-content\/uploads\/2019\/06\/winter_vorbei_7-300x207.png 300w\" sizes=\"(max-width: 259px) 100vw, 259px\" \/><\/a>Unser Jugendsprecher war in Hamburg beim Jugendsegler-Tag dabei und hat viel \u00fcber die Jugendarbeit im Verein gelernt. Ein netter Austausch mit anderen Jugendsprechern fand auch statt! Marvin war mit Abstand der j\u00fcngste Jugendsprecher, dieses ehrenamtliche Engagement wurde von Timo H. als Jugendobmann vom Deutschen Segler Verband besonders gew\u00fcrdigt.<\/p>\n<p><a href=\"https:\/\/www.deutscherseglerclub.de\/wp-content\/uploads\/2019\/06\/winter_vorbei_6.png\"><img loading=\"lazy\" class=\"alignnone size-full wp-image-964\" src=\"https:\/\/www.deutscherseglerclub.de\/wp-content\/uploads\/2019\/06\/winter_vorbei_6.png\" alt=\"\" width=\"944\" height=\"342\" srcset=\"https:\/\/www.deutscherseglerclub.de\/wp-content\/uploads\/2019\/06\/winter_vorbei_6.png 944w, https:\/\/www.deutscherseglerclub.de\/wp-content\/uploads\/2019\/06\/winter_vorbei_6-300x109.png 300w, https:\/\/www.deutscherseglerclub.de\/wp-content\/uploads\/2019\/06\/winter_vorbei_6-768x278.png 768w\" sizes=\"(max-width: 944px) 100vw, 944px\" \/><\/a>Auch beim Berliner Segler Verband hat Marvin uns als DSC gut vertreten, er durfte die Regatten f\u00fcr den Berlin Pokal ziehen, 2020 sind wieder Wahlen im Jugendbereich. Vielleicht wird ja der ein oder andere Jugendliche von diesen sch\u00f6nen Erlebnissen \u00fcberzeugt. Sprecht Marvin an, er erz\u00e4hlt Euch sicherlich viel \u00fcber seine Erfahrung.<\/p>\n<p><a href=\"https:\/\/www.deutscherseglerclub.de\/wp-content\/uploads\/2019\/06\/winter_vorbei_5.png\"><img loading=\"lazy\" class=\"alignnone wp-image-957\" src=\"https:\/\/www.deutscherseglerclub.de\/wp-content\/uploads\/2019\/06\/winter_vorbei_5.png\" alt=\"\" width=\"300\" height=\"225\" srcset=\"https:\/\/www.deutscherseglerclub.de\/wp-content\/uploads\/2019\/06\/winter_vorbei_5.png 402w, https:\/\/www.deutscherseglerclub.de\/wp-content\/uploads\/2019\/06\/winter_vorbei_5-300x225.png 300w\" sizes=\"(max-width: 300px) 100vw, 300px\" \/><\/a> <a href=\"https:\/\/www.deutscherseglerclub.de\/wp-content\/uploads\/2019\/06\/winter_vorbei_4.png\"><img loading=\"lazy\" class=\"alignnone wp-image-958\" src=\"https:\/\/www.deutscherseglerclub.de\/wp-content\/uploads\/2019\/06\/winter_vorbei_4.png\" alt=\"\" width=\"233\" height=\"226\" srcset=\"https:\/\/www.deutscherseglerclub.de\/wp-content\/uploads\/2019\/06\/winter_vorbei_4.png 309w, https:\/\/www.deutscherseglerclub.de\/wp-content\/uploads\/2019\/06\/winter_vorbei_4-300x291.png 300w\" sizes=\"(max-width: 233px) 100vw, 233px\" \/><\/a>Unsere Regatta Kids Moritz und Marvin konnten den Saison- Auftakt im DSC nicht mehr erwarten, sodass beide schon an Trainingslagern au\u00dferhalb vom DSC teilgenommen haben. Moritz war beim KaR zum Teenystart und Marvin am M\u00fcggelsee.<\/p>\n<p><a href=\"https:\/\/www.deutscherseglerclub.de\/wp-content\/uploads\/2019\/06\/winter_vorbei_3.png\"><img loading=\"lazy\" class=\"alignnone wp-image-959\" src=\"https:\/\/www.deutscherseglerclub.de\/wp-content\/uploads\/2019\/06\/winter_vorbei_3.png\" alt=\"\" width=\"371\" height=\"247\" srcset=\"https:\/\/www.deutscherseglerclub.de\/wp-content\/uploads\/2019\/06\/winter_vorbei_3.png 605w, https:\/\/www.deutscherseglerclub.de\/wp-content\/uploads\/2019\/06\/winter_vorbei_3-300x200.png 300w\" sizes=\"(max-width: 371px) 100vw, 371px\" \/><\/a> <a href=\"https:\/\/www.deutscherseglerclub.de\/wp-content\/uploads\/2019\/06\/winter_vorbei_2.png\"><img loading=\"lazy\" class=\"alignnone wp-image-960\" src=\"https:\/\/www.deutscherseglerclub.de\/wp-content\/uploads\/2019\/06\/winter_vorbei_2.png\" alt=\"\" width=\"166\" height=\"250\" srcset=\"https:\/\/www.deutscherseglerclub.de\/wp-content\/uploads\/2019\/06\/winter_vorbei_2.png 314w, https:\/\/www.deutscherseglerclub.de\/wp-content\/uploads\/2019\/06\/winter_vorbei_2-200x300.png 200w\" sizes=\"(max-width: 166px) 100vw, 166px\" \/><\/a>Die ersten Regatten waren dann paarallel und auch w\u00e4hrend des Ansegelns, hier gilt es besonders anzumerken, wie sch\u00f6n die Zusammenarbeit im Bezirk derzeit funktioniert! Moritz wurde vom KaR betreut und Marvin vom SCO, ein herzliches Dankesch\u00f6n an die Trainer!<\/p>\n<p><a href=\"https:\/\/www.deutscherseglerclub.de\/wp-content\/uploads\/2019\/06\/winter_vorbei_1.png\"><img loading=\"lazy\" class=\"alignnone size-full wp-image-961\" src=\"https:\/\/www.deutscherseglerclub.de\/wp-content\/uploads\/2019\/06\/winter_vorbei_1.png\" alt=\"\" width=\"923\" height=\"316\" srcset=\"https:\/\/www.deutscherseglerclub.de\/wp-content\/uploads\/2019\/06\/winter_vorbei_1.png 923w, https:\/\/www.deutscherseglerclub.de\/wp-content\/uploads\/2019\/06\/winter_vorbei_1-300x103.png 300w, https:\/\/www.deutscherseglerclub.de\/wp-content\/uploads\/2019\/06\/winter_vorbei_1-768x263.png 768w\" sizes=\"(max-width: 923px) 100vw, 923px\" \/><\/a>Die Regattaergebnisse sind noch ausbauf\u00e4hig! Moritz braucht einen festen Partner, er hatte f\u00fcr die Regatta einen Segelpartner vom KaR. Beim Zweimann\/frau-Boot spielt das Zusammenspiel der Segelpartner eine entscheidende Rolle.<\/p>\n<p>Im Opti-Wahnsinn hat man bei der ersten Regatta im Jahr deutlich gesehen, wer im Winter in Palma und Palamos trainiert hat, und wer nicht. Hier muss nun durch flei\u00dfiges Training in der Saison der R\u00fcckstand wieder aufgeholt werden.<\/p>\n","protected":false},"excerpt":{"rendered":"<p>Die Jugend war auch im Winter aktiv, wir haben uns freitags zum Athletiktraining getroffen und samstags zum Lauftraining. Am 26. Februar haben die DSC Kids gemeinsam mit den Kids vom SCO am Athletikpokal vom Berliner Segler Verband teilgenommen. Unser Jugendsprecher war in Hamburg beim Jugendsegler-Tag dabei und hat viel \u00fcber die Jugendarbeit im Verein gelernt. [&hellip;]<\/p>\n","protected":false},"author":1,"featured_media":0,"comment_status":"closed","ping_status":"closed","sticky":false,"template":"","format":"standard","meta":[],"categories":[1],"tags":[],"_links":{"self":[{"href":"https:\/\/www.deutscherseglerclub.de\/index.php?rest_route=\/wp\/v2\/posts\/956"}],"collection":[{"href":"https:\/\/www.deutscherseglerclub.de\/index.php?rest_route=\/wp\/v2\/posts"}],"about":[{"href":"https:\/\/www.deutscherseglerclub.de\/index.php?rest_route=\/wp\/v2\/types\/post"}],"author":[{"embeddable":true,"href":"https:\/\/www.deutscherseglerclub.de\/index.php?rest_route=\/wp\/v2\/users\/1"}],"replies":[{"embeddable":true,"href":"https:\/\/www.deutscherseglerclub.de\/index.php?rest_route=%2Fwp%2Fv2%2Fcomments&post=956"}],"version-history":[{"count":12,"href":"https:\/\/www.deutscherseglerclub.de\/index.php?rest_route=\/wp\/v2\/posts\/956\/revisions"}],"predecessor-version":[{"id":976,"href":"https:\/\/www.deutscherseglerclub.de\/index.php?rest_route=\/wp\/v2\/posts\/956\/revisions\/976"}],"wp:attachment":[{"href":"https:\/\/www.deutscherseglerclub.de\/index.php?rest_route=%2Fwp%2Fv2%2Fmedia&parent=956"}],"wp:term":[{"taxonomy":"category","embeddable":true,"href":"https:\/\/www.deutscherseglerclub.de\/index.php?rest_route=%2Fwp%2Fv2%2Fcategories&post=956"},{"taxonomy":"post_tag","embeddable":true,"href":"https:\/\/www.deutscherseglerclub.de\/index.php?rest_route=%2Fwp%2Fv2%2Ftags&post=956"}],"curies":[{"name":"wp","href":"https:\/\/api.w.org\/{rel}","templated":true}]}}